{"id":306,"date":"2023-06-21T02:45:10","date_gmt":"2023-06-21T02:45:10","guid":{"rendered":"https:\/\/redaccionproducciones.org\/?p=306"},"modified":"2023-06-21T02:45:10","modified_gmt":"2023-06-21T02:45:10","slug":"la-juventud-estudiantil-es-protagonista-de-un-legado-historico","status":"publish","type":"post","link":"https:\/\/redaccionproducciones.org\/?p=306","title":{"rendered":"LA JUVENTUD ESTUDIANTIL ES PROTAGONISTA DE UN LEGADO HISTORICO"},"content":{"rendered":"\n<p class=\"has-large-font-size\"><strong>Los d\u00edas \u00a08 y 9 de junio: Conmemoraci\u00f3n del estudiante ca\u00eddo en medio de la lucha.<\/strong><\/p>\n\n\n\n<p>La voz, la palabra, la presencia y la lucha &nbsp;de los estudiantes del mundo y en este caso de Colombia siempre han estado presentes para clamar los derechos, justicia,&nbsp; igualdad de oportunidades, solidaridad, alimentaci\u00f3n y condiciones dignas, &nbsp;&nbsp;buscando ser &nbsp;escuchados por los gobernantes, cambiar la&nbsp; historia y hacer &nbsp;realidad el sue\u00f1o de una sociedad nueva y as\u00ed incidir en el cambio de las pol\u00edticas estatales.<\/p>\n\n\n\n<p>En estas fechas se honran las luchas estudiantiles y la memoria de muchos j\u00f3venes asesinados. Hist\u00f3ricamente recordamos las protestas sociales ocurridas en 1929, 1954 y 1973, sin desconocer otras luchas ocurridas posteriormente, a\u00fan hasta a\u00f1os recientes, como el \u201cEstallido Social\u201d de 2021  <\/p>\n\n\n\n<p>Ambos d\u00edas traen a la memoria a los estudiantes, pero tambi\u00e9n promueven reflexiones, di\u00e1logos y un imponente grito para que cesen las violencias y afectaciones de las que han sido v\u00edctimas durante mas de 2 siglos \u00a0en Colombia y Am\u00e9rica Latina.\u00a0<\/p>\n\n\n\n<p class=\"has-large-font-size\"><strong>Recordemos la historia en 1929<\/strong> &#8230;<\/p>\n\n\n\n<p>La triste c\u00e9lebre \u201cMasacre de las Bananeras\u201d ocurrida en 1928, donde fueron asesinados mas de 4000 trabajadores y el clientelismo, fueron los nobles motivos por los que miles de estudiantes de Universidades p\u00fablicas salieron a las calles de Bogot\u00e1 en protesta, el 7 de junio de 1929. En medio de los disturbios fue asesinado el estudiante de derecho de la Universidad Nacional, Gonzalo Bravo, luego de recibir un disparo por la espalda cuando se dirig\u00eda a su lugar de residencia, cerca al Palacio Presidencial. Este hecho ocasion\u00f3 el revuelo de las protestas y gener\u00f3 presi\u00f3n al gobierno nacional de la \u00e9poca, presidido por el conservador Miguel Abad\u00eda M\u00e9ndez<\/p>\n\n\n\n<p>El 8 de junio, cerca de 40 mil personas asistieron al entierro de Gonzalo Bravo en el Cementerio Central. Este hecho se convirti\u00f3 en un acto p\u00fablico y pol\u00edtico en la historia de Colombia y en la actualidad es considerado un emblema en las luchas estudiantiles.&nbsp;<\/p>\n\n\n\n<p>Pero las manifestaciones estudiantiles no pararon. Para el 8 de junio de 1954 se cumpl\u00eda 25 a\u00f1os del asesinato de Gonzalo Bravo P\u00e9rez. Debido a esto, los movimientos estudiantiles programaron una marcha que terminar\u00eda en la tumba del estudiante. Sin embargo, el gobierno del dictador militar golpista, Gustavo Rojas Pinilla no la autoriz\u00f3 y en un comunicado expres\u00f3 su negaci\u00f3n. &nbsp;Ese d\u00eda cientos de estudiantes decidieron salir y acompa\u00f1ar el acto acostumbrado cada a\u00f1o y terminarlo en el cementerio, lo que ocasion\u00f3 un enfrentamiento con la fuerza publica. Tras las protestas y en medio de los disturbios, muri\u00f3 el estudiante de medicina y filosof\u00eda Uriel Guti\u00e9rrez. La consternaci\u00f3n de este hecho reuni\u00f3 a miles de estudiantes y ciudadanos que retornaron a las calles el 9 de junio. Ese d\u00eda perdieron la vida 11 estudiantes y 50 m\u00e1s resultaron heridos a manos de las fuerzas gubernamentales.&nbsp;<\/p>\n","protected":false},"excerpt":{"rendered":"<p>Los d\u00edas \u00a08 y 9 de junio: Conmemoraci\u00f3n del estudiante ca\u00eddo en medio de la lucha. La voz, la palabra, la presencia y la lucha &nbsp;de los estudiantes del mundo y en este caso de Colombia siempre han estado presentes para clamar los derechos, justicia,&nbsp; igualdad de oportunidades, solidaridad, alimentaci\u00f3n y condiciones dignas, &nbsp;&nbsp;buscando ser [&hellip;]<\/p>\n","protected":false},"author":2,"featured_media":307,"comment_status":"open","ping_status":"open","sticky":false,"template":"","format":"standard","meta":{"footnotes":""},"categories":[4,1],"tags":[],"class_list":["post-306","post","type-post","status-publish","format-standard","has-post-thumbnail","hentry","category-noticias","category-uncategorized"],"_links":{"self":[{"href":"https:\/\/redaccionproducciones.org\/index.php?rest_route=\/wp\/v2\/posts\/306","targetHints":{"allow":["GET"]}}],"collection":[{"href":"https:\/\/redaccionproducciones.org\/index.php?rest_route=\/wp\/v2\/posts"}],"about":[{"href":"https:\/\/redaccionproducciones.org\/index.php?rest_route=\/wp\/v2\/types\/post"}],"author":[{"embeddable":true,"href":"https:\/\/redaccionproducciones.org\/index.php?rest_route=\/wp\/v2\/users\/2"}],"replies":[{"embeddable":true,"href":"https:\/\/redaccionproducciones.org\/index.php?rest_route=%2Fwp%2Fv2%2Fcomments&post=306"}],"version-history":[{"count":1,"href":"https:\/\/redaccionproducciones.org\/index.php?rest_route=\/wp\/v2\/posts\/306\/revisions"}],"predecessor-version":[{"id":308,"href":"https:\/\/redaccionproducciones.org\/index.php?rest_route=\/wp\/v2\/posts\/306\/revisions\/308"}],"wp:featuredmedia":[{"embeddable":true,"href":"https:\/\/redaccionproducciones.org\/index.php?rest_route=\/wp\/v2\/media\/307"}],"wp:attachment":[{"href":"https:\/\/redaccionproducciones.org\/index.php?rest_route=%2Fwp%2Fv2%2Fmedia&parent=306"}],"wp:term":[{"taxonomy":"category","embeddable":true,"href":"https:\/\/redaccionproducciones.org\/index.php?rest_route=%2Fwp%2Fv2%2Fcategories&post=306"},{"taxonomy":"post_tag","embeddable":true,"href":"https:\/\/redaccionproducciones.org\/index.php?rest_route=%2Fwp%2Fv2%2Ftags&post=306"}],"curies":[{"name":"wp","href":"https:\/\/api.w.org\/{rel}","templated":true}]}}