{"id":270,"date":"2022-11-05T22:27:15","date_gmt":"2022-11-05T22:27:15","guid":{"rendered":"https:\/\/redaccionproducciones.org\/?p=270"},"modified":"2022-11-05T22:28:56","modified_gmt":"2022-11-05T22:28:56","slug":"nuestras-palabras-desde-el-sur-edicion-5","status":"publish","type":"post","link":"https:\/\/redaccionproducciones.org\/?p=270","title":{"rendered":"Nuestras palabras desde el sur edici\u00f3n 5"},"content":{"rendered":"\n<figure class=\"wp-block-image size-large is-resized\"><img loading=\"lazy\" decoding=\"async\" src=\"https:\/\/redaccionproducciones.org\/wp-content\/uploads\/2022\/11\/Screenshot_20221105_171447-907x1024.jpg\" alt=\"\" class=\"wp-image-271\" width=\"181\" height=\"204\" srcset=\"https:\/\/redaccionproducciones.org\/wp-content\/uploads\/2022\/11\/Screenshot_20221105_171447-907x1024.jpg 907w, https:\/\/redaccionproducciones.org\/wp-content\/uploads\/2022\/11\/Screenshot_20221105_171447-266x300.jpg 266w, https:\/\/redaccionproducciones.org\/wp-content\/uploads\/2022\/11\/Screenshot_20221105_171447-768x867.jpg 768w, https:\/\/redaccionproducciones.org\/wp-content\/uploads\/2022\/11\/Screenshot_20221105_171447-1361x1536.jpg 1361w, https:\/\/redaccionproducciones.org\/wp-content\/uploads\/2022\/11\/Screenshot_20221105_171447.jpg 1768w\" sizes=\"auto, (max-width: 181px) 100vw, 181px\" \/><figcaption>Edicion 5 <\/figcaption><\/figure>\n\n\n\n<p>Compa\u00f1eros Culturales. Compartimos con  Ustedes la edici\u00f3n 5 del peri\u00f3dico nuestras palabras desde el sur. <\/p>\n\n\n\n<p>EsperamosQu\u00e9 puedan hacer una lectura en su totalidad de los art\u00edculos y nos devuelvan sus comentarios al correo:  <strong><em><mark>redaccioncomunic@redaccion-comunic<\/mark><\/em><\/strong><\/p>\n\n\n\n<p>Haz click en el siguiente enlace:<\/p>\n\n\n\n<h2 class=\"wp-block-heading\"><a href=\"https:\/\/redaccionproducciones.org\/wp-content\/uploads\/2022\/11\/NUESTRAS-PALABRAS-DESDE-EL-SUR-5-1.pdf\" target=\"_blank\" rel=\"noreferrer noopener\">https:\/\/redaccionproducciones.org\/wp-content\/uploads\/2022\/11\/NUESTRAS-PALABRAS-DESDE-EL-SUR-5-1.pdf<\/a><\/h2>\n\n\n\n<p><\/p>\n","protected":false},"excerpt":{"rendered":"<p>Compa\u00f1eros Culturales. Compartimos con Ustedes la edici\u00f3n 5 del peri\u00f3dico nuestras palabras desde el sur. EsperamosQu\u00e9 puedan hacer una lectura en su totalidad de los art\u00edculos y nos devuelvan sus comentarios al correo: redaccioncomunic@redaccion-comunic Haz click en el siguiente enlace: https:\/\/redaccionproducciones.org\/wp-content\/uploads\/2022\/11\/NUESTRAS-PALABRAS-DESDE-EL-SUR-5-1.pdf<\/p>\n","protected":false},"author":2,"featured_media":271,"comment_status":"open","ping_status":"open","sticky":false,"template":"","format":"standard","meta":{"footnotes":""},"categories":[3,1],"tags":[],"class_list":["post-270","post","type-post","status-publish","format-standard","has-post-thumbnail","hentry","category-prensa-digital","category-uncategorized"],"_links":{"self":[{"href":"https:\/\/redaccionproducciones.org\/index.php?rest_route=\/wp\/v2\/posts\/270","targetHints":{"allow":["GET"]}}],"collection":[{"href":"https:\/\/redaccionproducciones.org\/index.php?rest_route=\/wp\/v2\/posts"}],"about":[{"href":"https:\/\/redaccionproducciones.org\/index.php?rest_route=\/wp\/v2\/types\/post"}],"author":[{"embeddable":true,"href":"https:\/\/redaccionproducciones.org\/index.php?rest_route=\/wp\/v2\/users\/2"}],"replies":[{"embeddable":true,"href":"https:\/\/redaccionproducciones.org\/index.php?rest_route=%2Fwp%2Fv2%2Fcomments&post=270"}],"version-history":[{"count":4,"href":"https:\/\/redaccionproducciones.org\/index.php?rest_route=\/wp\/v2\/posts\/270\/revisions"}],"predecessor-version":[{"id":276,"href":"https:\/\/redaccionproducciones.org\/index.php?rest_route=\/wp\/v2\/posts\/270\/revisions\/276"}],"wp:featuredmedia":[{"embeddable":true,"href":"https:\/\/redaccionproducciones.org\/index.php?rest_route=\/wp\/v2\/media\/271"}],"wp:attachment":[{"href":"https:\/\/redaccionproducciones.org\/index.php?rest_route=%2Fwp%2Fv2%2Fmedia&parent=270"}],"wp:term":[{"taxonomy":"category","embeddable":true,"href":"https:\/\/redaccionproducciones.org\/index.php?rest_route=%2Fwp%2Fv2%2Fcategories&post=270"},{"taxonomy":"post_tag","embeddable":true,"href":"https:\/\/redaccionproducciones.org\/index.php?rest_route=%2Fwp%2Fv2%2Ftags&post=270"}],"curies":[{"name":"wp","href":"https:\/\/api.w.org\/{rel}","templated":true}]}}