{"id":260,"date":"2022-11-04T00:25:28","date_gmt":"2022-11-04T00:25:28","guid":{"rendered":"https:\/\/redaccionproducciones.org\/?p=260"},"modified":"2022-11-04T00:27:09","modified_gmt":"2022-11-04T00:27:09","slug":"expresate-y-vive-una-historia-memorable","status":"publish","type":"post","link":"https:\/\/redaccionproducciones.org\/?p=260","title":{"rendered":"EXPR\u00c9SATE Y VIVE: UNA HISTORIA MEMORABLE"},"content":{"rendered":"\n<p>Por Zamir Calixto Guerrero. Estudiante Grado 9\u00ba. Colegio Rafael Delgado Salguero<\/p>\n\n\n\n<figure class=\"wp-block-image size-large\"><img loading=\"lazy\" decoding=\"async\" width=\"1024\" height=\"768\" src=\"https:\/\/redaccionproducciones.org\/wp-content\/uploads\/2022\/11\/C_01-1024x768.jpg\" alt=\"\" class=\"wp-image-261\" srcset=\"https:\/\/redaccionproducciones.org\/wp-content\/uploads\/2022\/11\/C_01-1024x768.jpg 1024w, https:\/\/redaccionproducciones.org\/wp-content\/uploads\/2022\/11\/C_01-300x225.jpg 300w, https:\/\/redaccionproducciones.org\/wp-content\/uploads\/2022\/11\/C_01-768x576.jpg 768w, https:\/\/redaccionproducciones.org\/wp-content\/uploads\/2022\/11\/C_01-1536x1152.jpg 1536w, https:\/\/redaccionproducciones.org\/wp-content\/uploads\/2022\/11\/C_01-2048x1536.jpg 2048w\" sizes=\"auto, (max-width: 1024px) 100vw, 1024px\" \/><figcaption>Un proyecto institucional donde los estudiantes del colegio Rafael Delgado Salguero pueden expresar sus ideas y sentimientos por medio del arte<\/figcaption><\/figure>\n\n\n\n<p>Este festival comienza en el a\u00f1o 2013, en el Colegio Rafael Delgado Salguero de la localidad Rafael Uribe,  como una actividad de expresi\u00f3n, dirigido por los docentes del \u00e1rea de humanidades quienes anualmente decid\u00edan una tem\u00e1tica para que los estudiantes hicieran todo tipo de trabajos escritos y\/o art\u00edsticos; adicionalmente, si ellos ten\u00edan \u00e9xito en sus creaciones, los docentes les reconoc\u00edan por su excelencia en las asignaturas de ingl\u00e9s y espa\u00f1ol.<\/p>\n\n\n\n<p>En este primer a\u00f1o de existencia, los estudiantes redactaron historias de su propio gusto y autor\u00eda, pensando en publicar estas trabajos escritos, pero por decisiones de los directivos de esa \u00e9poca de la instituci\u00f3n, no fue posible.<\/p>\n\n\n\n<figure class=\"wp-block-image size-large\"><img loading=\"lazy\" decoding=\"async\" width=\"1024\" height=\"768\" src=\"https:\/\/redaccionproducciones.org\/wp-content\/uploads\/2022\/11\/A_02-1-1024x768.jpg\" alt=\"\" class=\"wp-image-262\" srcset=\"https:\/\/redaccionproducciones.org\/wp-content\/uploads\/2022\/11\/A_02-1-1024x768.jpg 1024w, https:\/\/redaccionproducciones.org\/wp-content\/uploads\/2022\/11\/A_02-1-300x225.jpg 300w, https:\/\/redaccionproducciones.org\/wp-content\/uploads\/2022\/11\/A_02-1-768x576.jpg 768w, https:\/\/redaccionproducciones.org\/wp-content\/uploads\/2022\/11\/A_02-1-1536x1152.jpg 1536w, https:\/\/redaccionproducciones.org\/wp-content\/uploads\/2022\/11\/A_02-1-2048x1536.jpg 2048w\" sizes=\"auto, (max-width: 1024px) 100vw, 1024px\" \/><figcaption>Posteriormente, hacia el a\u00f1o 2017 los estudiantes realizaron muestras art\u00edsticas expuestas dentro de los salones, ubicados como estaciones; al final de la jornada se dieron las ultimas exposiciones, con los representantes de cada curso realizando su presentaci\u00f3n frente a todo su p\u00fablico.<\/figcaption><\/figure>\n\n\n\n<p>Debido al \u00e9xito de esta modalidad en aquel a\u00f1o, los docentes decidieron continuar durante las siguientes versiones, con esta forma de organizaci\u00f3n. Continuando en la cr\u00f3nica el proyecto, en el a\u00f1o 2018 el estudiantado filma diversos videos con diferentes tem\u00e1ticas<\/p>\n\n\n\n<figure class=\"wp-block-image size-large\"><img loading=\"lazy\" decoding=\"async\" width=\"1024\" height=\"768\" src=\"https:\/\/redaccionproducciones.org\/wp-content\/uploads\/2022\/11\/A_05-1024x768.jpg\" alt=\"\" class=\"wp-image-263\" srcset=\"https:\/\/redaccionproducciones.org\/wp-content\/uploads\/2022\/11\/A_05-1024x768.jpg 1024w, https:\/\/redaccionproducciones.org\/wp-content\/uploads\/2022\/11\/A_05-300x225.jpg 300w, https:\/\/redaccionproducciones.org\/wp-content\/uploads\/2022\/11\/A_05-768x576.jpg 768w, https:\/\/redaccionproducciones.org\/wp-content\/uploads\/2022\/11\/A_05-1536x1152.jpg 1536w, https:\/\/redaccionproducciones.org\/wp-content\/uploads\/2022\/11\/A_05-2048x1536.jpg 2048w\" sizes=\"auto, (max-width: 1024px) 100vw, 1024px\" \/><figcaption>Desafortunadamente llego la pandemia en el a\u00f1o 2020 y con ella el aislamiento sanitario; pero esto no detuvo el proyecto, por tanto los maestros buscaron alternativas para los estudiantes y as\u00ed, aprovechando la nueva virtualidad, se crearon memes culturales;<\/figcaption><\/figure>\n\n\n\n<p>En el a\u00f1o 2021, a\u00fan con la emergencia sanitaria contin\u00faan con el festival, designando a los estudiantes la creaci\u00f3n de videos sobre el movimiento juvenil que se dio en ese momento;<\/p>\n\n\n\n<p>Actualmente, en el a\u00f1o 2022, los docentes plantearon la tem\u00e1tica del reconocimiento a la lucha de las mujeres y el cuidado del agua, para que los estudiantes presentaran el dise\u00f1o de grafitis alusivos al tema.<\/p>\n\n\n\n<figure class=\"wp-block-image size-large\"><img loading=\"lazy\" decoding=\"async\" width=\"1024\" height=\"768\" src=\"https:\/\/redaccionproducciones.org\/wp-content\/uploads\/2022\/11\/B_03-1024x768.jpg\" alt=\"\" class=\"wp-image-264\" srcset=\"https:\/\/redaccionproducciones.org\/wp-content\/uploads\/2022\/11\/B_03-1024x768.jpg 1024w, https:\/\/redaccionproducciones.org\/wp-content\/uploads\/2022\/11\/B_03-300x225.jpg 300w, https:\/\/redaccionproducciones.org\/wp-content\/uploads\/2022\/11\/B_03-768x576.jpg 768w, https:\/\/redaccionproducciones.org\/wp-content\/uploads\/2022\/11\/B_03-1536x1152.jpg 1536w, https:\/\/redaccionproducciones.org\/wp-content\/uploads\/2022\/11\/B_03-2048x1536.jpg 2048w\" sizes=\"auto, (max-width: 1024px) 100vw, 1024px\" \/><figcaption>Es de resaltar que en este momento, el proyecto cuenta con el apoyo de las directivas de la instituci\u00f3n en todos los aspectos y aunque \u00a0\u00a0el proyecto Expr\u00e9sate y Vive es\u00a0 tradicional,\u00a0 \u00a0tanto maestros como estudiantes disfrutan de sus diversas tem\u00e1ticas y exposiciones, sobre todo viendo el esfuerzo y empe\u00f1o que estos \u00a0plasman \u00a0en sus trabajos art\u00edsticos y literarios, recordando que algunas ya han sido publicada en peri\u00f3dicos locales, como Ciudad Regi\u00f3n y Nuestras palabras desde el Sur de la organizacion Redaccion Producciones.<\/figcaption><\/figure>\n\n\n\n<figure class=\"wp-block-image size-large\"><img loading=\"lazy\" decoding=\"async\" width=\"1024\" height=\"768\" src=\"https:\/\/redaccionproducciones.org\/wp-content\/uploads\/2022\/11\/C_04-1024x768.jpg\" alt=\"\" class=\"wp-image-266\" srcset=\"https:\/\/redaccionproducciones.org\/wp-content\/uploads\/2022\/11\/C_04-1024x768.jpg 1024w, https:\/\/redaccionproducciones.org\/wp-content\/uploads\/2022\/11\/C_04-300x225.jpg 300w, https:\/\/redaccionproducciones.org\/wp-content\/uploads\/2022\/11\/C_04-768x576.jpg 768w, https:\/\/redaccionproducciones.org\/wp-content\/uploads\/2022\/11\/C_04-1536x1152.jpg 1536w, https:\/\/redaccionproducciones.org\/wp-content\/uploads\/2022\/11\/C_04-2048x1536.jpg 2048w\" sizes=\"auto, (max-width: 1024px) 100vw, 1024px\" \/><\/figure>\n","protected":false},"excerpt":{"rendered":"<p>Por Zamir Calixto Guerrero. Estudiante Grado 9\u00ba. Colegio Rafael Delgado Salguero Este festival comienza en el a\u00f1o 2013, en el Colegio Rafael Delgado Salguero de la localidad Rafael Uribe, como una actividad de expresi\u00f3n, dirigido por los docentes del \u00e1rea de humanidades quienes anualmente decid\u00edan una tem\u00e1tica para que los estudiantes hicieran todo tipo de [&hellip;]<\/p>\n","protected":false},"author":2,"featured_media":264,"comment_status":"open","ping_status":"open","sticky":false,"template":"","format":"standard","meta":{"footnotes":""},"categories":[3,1],"tags":[],"class_list":["post-260","post","type-post","status-publish","format-standard","has-post-thumbnail","hentry","category-prensa-digital","category-uncategorized"],"_links":{"self":[{"href":"https:\/\/redaccionproducciones.org\/index.php?rest_route=\/wp\/v2\/posts\/260","targetHints":{"allow":["GET"]}}],"collection":[{"href":"https:\/\/redaccionproducciones.org\/index.php?rest_route=\/wp\/v2\/posts"}],"about":[{"href":"https:\/\/redaccionproducciones.org\/index.php?rest_route=\/wp\/v2\/types\/post"}],"author":[{"embeddable":true,"href":"https:\/\/redaccionproducciones.org\/index.php?rest_route=\/wp\/v2\/users\/2"}],"replies":[{"embeddable":true,"href":"https:\/\/redaccionproducciones.org\/index.php?rest_route=%2Fwp%2Fv2%2Fcomments&post=260"}],"version-history":[{"count":3,"href":"https:\/\/redaccionproducciones.org\/index.php?rest_route=\/wp\/v2\/posts\/260\/revisions"}],"predecessor-version":[{"id":268,"href":"https:\/\/redaccionproducciones.org\/index.php?rest_route=\/wp\/v2\/posts\/260\/revisions\/268"}],"wp:featuredmedia":[{"embeddable":true,"href":"https:\/\/redaccionproducciones.org\/index.php?rest_route=\/wp\/v2\/media\/264"}],"wp:attachment":[{"href":"https:\/\/redaccionproducciones.org\/index.php?rest_route=%2Fwp%2Fv2%2Fmedia&parent=260"}],"wp:term":[{"taxonomy":"category","embeddable":true,"href":"https:\/\/redaccionproducciones.org\/index.php?rest_route=%2Fwp%2Fv2%2Fcategories&post=260"},{"taxonomy":"post_tag","embeddable":true,"href":"https:\/\/redaccionproducciones.org\/index.php?rest_route=%2Fwp%2Fv2%2Ftags&post=260"}],"curies":[{"name":"wp","href":"https:\/\/api.w.org\/{rel}","templated":true}]}}