{"id":254,"date":"2022-11-03T23:43:46","date_gmt":"2022-11-03T23:43:46","guid":{"rendered":"https:\/\/redaccionproducciones.org\/?p=254"},"modified":"2022-11-03T23:43:46","modified_gmt":"2022-11-03T23:43:46","slug":"gran-feria-del-proyecto-interinstitucional-upz39-en-la-localidad-rafael-uribe","status":"publish","type":"post","link":"https:\/\/redaccionproducciones.org\/?p=254","title":{"rendered":"Gran Feria  del Proyecto INTERINSTITUCIONAL UPZ39 en la Localidad Rafael Uribe"},"content":{"rendered":"\n<p><strong>Construyendo el proyecto de vida con herramientas que ofrece el Sena y las Instituciones de Educaci\u00f3n Superior<\/strong><\/p>\n\n\n\n<p>Por Dilan P\u00f3veda. Estudiante grao 9\u00ba Colegio Rafael Delgado Salguero.<\/p>\n\n\n\n<figure class=\"wp-block-image size-large\"><img loading=\"lazy\" decoding=\"async\" width=\"1024\" height=\"576\" src=\"https:\/\/redaccionproducciones.org\/wp-content\/uploads\/2022\/11\/Foto-01_Noticia-Local-1024x576.jpeg\" alt=\"\" class=\"wp-image-255\" srcset=\"https:\/\/redaccionproducciones.org\/wp-content\/uploads\/2022\/11\/Foto-01_Noticia-Local-1024x576.jpeg 1024w, https:\/\/redaccionproducciones.org\/wp-content\/uploads\/2022\/11\/Foto-01_Noticia-Local-300x169.jpeg 300w, https:\/\/redaccionproducciones.org\/wp-content\/uploads\/2022\/11\/Foto-01_Noticia-Local-768x432.jpeg 768w, https:\/\/redaccionproducciones.org\/wp-content\/uploads\/2022\/11\/Foto-01_Noticia-Local-1536x864.jpeg 1536w, https:\/\/redaccionproducciones.org\/wp-content\/uploads\/2022\/11\/Foto-01_Noticia-Local.jpeg 1600w\" sizes=\"auto, (max-width: 1024px) 100vw, 1024px\" \/><figcaption>Feria Proyecto Movilidad interinstitucional UPZ 39 Realizada en el Colegio Estados Unidos de Am\u00e9rica<\/figcaption><\/figure>\n\n\n\n<p>Desde 1957, con la direcci\u00f3n de Rodolfo Mart\u00ednez Tono, durante sus 17 a\u00f1os de trabajo, las l\u00edneas t\u00e9cnicas que ofrece el Servicio Nacional de Aprendizaje (SENA) &nbsp;&nbsp;son una herramienta v\u00e1lida para la iniciaci\u00f3n de un proyecto de vida, trabajo o una capacitaci\u00f3n a las personas del com\u00fan<\/p>\n\n\n\n<p>Por la seriedad y el compromiso de la entidad que inicio como una estrategia de las empresas que llevaban a sus trabajadores para capacitarlos en diferentes \u00e1reas de su formaci\u00f3n complementaria y con el apoyo de los diferentes gobiernos inauguraron en ese momento, 87 centros en el territorio nacional.<\/p>\n\n\n\n<figure class=\"wp-block-image size-large\"><img loading=\"lazy\" decoding=\"async\" width=\"1024\" height=\"461\" src=\"https:\/\/redaccionproducciones.org\/wp-content\/uploads\/2022\/11\/Foto-02_Noticia-Local-1024x461.jpeg\" alt=\"\" class=\"wp-image-256\" srcset=\"https:\/\/redaccionproducciones.org\/wp-content\/uploads\/2022\/11\/Foto-02_Noticia-Local-1024x461.jpeg 1024w, https:\/\/redaccionproducciones.org\/wp-content\/uploads\/2022\/11\/Foto-02_Noticia-Local-300x135.jpeg 300w, https:\/\/redaccionproducciones.org\/wp-content\/uploads\/2022\/11\/Foto-02_Noticia-Local-768x346.jpeg 768w, https:\/\/redaccionproducciones.org\/wp-content\/uploads\/2022\/11\/Foto-02_Noticia-Local-1536x691.jpeg 1536w, https:\/\/redaccionproducciones.org\/wp-content\/uploads\/2022\/11\/Foto-02_Noticia-Local.jpeg 1600w\" sizes=\"auto, (max-width: 1024px) 100vw, 1024px\" \/><figcaption>ESTUDIANTES DE LA LINEA DE PROFUNDIZACION MEDIOS AUDIOVISUALES..   \u00a0<\/figcaption><\/figure>\n\n\n\n<p>Dada esta proyecci\u00f3n del Sena y las I.E.S., los directivos de 6 colegios de la UPZ 39 crean el proyecto de movilidad interinstitucional de la localidad Rafael Uribe: Rafael Delgado Salguero, El libertador, Colombia viva, Quiroga alianza, Antonio Baraya y Estados Unidos de Am\u00e9rica para los estudiantes de grado 10o y 11o.<\/p>\n\n\n\n<p>Para conocer este proyecto, los estudiantes de grado noveno fueron invitados el d\u00eda 20 de octubre del 2022 \u00a0e intercambiar conocimientos con  quienes presentaban sus proyectos de grado 11o en las l\u00edneas de profundizaci\u00f3n t\u00e9cnica que son ofrecidas.<\/p>\n\n\n\n<p>.El d\u00eda 21 de octubre los estudiantes de este grado estuvimos en el colegio <strong>Estados Unidos de Am\u00e9rica<\/strong>,  ubicado en Av 1o de Mayo con cra 22 ( Barrio Olaya), al sur de Bogota , para detallar las ofertas y capacitaciones que ofrece el SENA e I.E.S. \u00a0en los diferentes colegios mencionados, como son: mec\u00e1nica, programaci\u00f3n de software, m\u00fasica, dibujo arquitect\u00f3nico, operaci\u00f3n log\u00edstica, audiovisuales, ciencias del deporte y biling\u00fcismo.<\/p>\n\n\n\n<figure class=\"wp-block-image size-large\"><img loading=\"lazy\" decoding=\"async\" width=\"1024\" height=\"462\" src=\"https:\/\/redaccionproducciones.org\/wp-content\/uploads\/2022\/11\/Foto-03_Noticia-Local-1024x462.jpeg\" alt=\"\" class=\"wp-image-257\" srcset=\"https:\/\/redaccionproducciones.org\/wp-content\/uploads\/2022\/11\/Foto-03_Noticia-Local-1024x462.jpeg 1024w, https:\/\/redaccionproducciones.org\/wp-content\/uploads\/2022\/11\/Foto-03_Noticia-Local-300x135.jpeg 300w, https:\/\/redaccionproducciones.org\/wp-content\/uploads\/2022\/11\/Foto-03_Noticia-Local-768x346.jpeg 768w, https:\/\/redaccionproducciones.org\/wp-content\/uploads\/2022\/11\/Foto-03_Noticia-Local.jpeg 1280w\" sizes=\"auto, (max-width: 1024px) 100vw, 1024px\" \/><figcaption>ESTUDIANTES DE LA LINEA DE PROFUNDIZACION  OPERACIONES LOGISTICAS<\/figcaption><\/figure>\n\n\n\n<p>Agradecemos a estas instituciones, al Sena, a las I.E.S.y a los profesores\u00a0y estudiantes de grado 11o  por permitirnos llegar a vincularnos\u00a0 para mejorar nuestra formaci\u00f3n y posterior graduaci\u00f3n como T\u00e9cnicos y bachilleres.<\/p>\n\n\n\n<figure class=\"wp-block-image size-large\"><img loading=\"lazy\" decoding=\"async\" width=\"1024\" height=\"462\" src=\"https:\/\/redaccionproducciones.org\/wp-content\/uploads\/2022\/11\/Foto-04_Noticia-Local-1024x462.jpeg\" alt=\"\" class=\"wp-image-258\" srcset=\"https:\/\/redaccionproducciones.org\/wp-content\/uploads\/2022\/11\/Foto-04_Noticia-Local-1024x462.jpeg 1024w, https:\/\/redaccionproducciones.org\/wp-content\/uploads\/2022\/11\/Foto-04_Noticia-Local-300x135.jpeg 300w, https:\/\/redaccionproducciones.org\/wp-content\/uploads\/2022\/11\/Foto-04_Noticia-Local-768x346.jpeg 768w, https:\/\/redaccionproducciones.org\/wp-content\/uploads\/2022\/11\/Foto-04_Noticia-Local.jpeg 1280w\" sizes=\"auto, (max-width: 1024px) 100vw, 1024px\" \/><figcaption>Presentacion Inicial de la Feria Proyecto Movilidad Interinstitucional.<\/figcaption><\/figure>\n","protected":false},"excerpt":{"rendered":"<p>Construyendo el proyecto de vida con herramientas que ofrece el Sena y las Instituciones de Educaci\u00f3n Superior Por Dilan P\u00f3veda. Estudiante grao 9\u00ba Colegio Rafael Delgado Salguero. Desde 1957, con la direcci\u00f3n de Rodolfo Mart\u00ednez Tono, durante sus 17 a\u00f1os de trabajo, las l\u00edneas t\u00e9cnicas que ofrece el Servicio Nacional de Aprendizaje (SENA) &nbsp;&nbsp;son una [&hellip;]<\/p>\n","protected":false},"author":2,"featured_media":257,"comment_status":"open","ping_status":"open","sticky":false,"template":"","format":"standard","meta":{"footnotes":""},"categories":[4,1],"tags":[],"class_list":["post-254","post","type-post","status-publish","format-standard","has-post-thumbnail","hentry","category-noticias","category-uncategorized"],"_links":{"self":[{"href":"https:\/\/redaccionproducciones.org\/index.php?rest_route=\/wp\/v2\/posts\/254","targetHints":{"allow":["GET"]}}],"collection":[{"href":"https:\/\/redaccionproducciones.org\/index.php?rest_route=\/wp\/v2\/posts"}],"about":[{"href":"https:\/\/redaccionproducciones.org\/index.php?rest_route=\/wp\/v2\/types\/post"}],"author":[{"embeddable":true,"href":"https:\/\/redaccionproducciones.org\/index.php?rest_route=\/wp\/v2\/users\/2"}],"replies":[{"embeddable":true,"href":"https:\/\/redaccionproducciones.org\/index.php?rest_route=%2Fwp%2Fv2%2Fcomments&post=254"}],"version-history":[{"count":1,"href":"https:\/\/redaccionproducciones.org\/index.php?rest_route=\/wp\/v2\/posts\/254\/revisions"}],"predecessor-version":[{"id":259,"href":"https:\/\/redaccionproducciones.org\/index.php?rest_route=\/wp\/v2\/posts\/254\/revisions\/259"}],"wp:featuredmedia":[{"embeddable":true,"href":"https:\/\/redaccionproducciones.org\/index.php?rest_route=\/wp\/v2\/media\/257"}],"wp:attachment":[{"href":"https:\/\/redaccionproducciones.org\/index.php?rest_route=%2Fwp%2Fv2%2Fmedia&parent=254"}],"wp:term":[{"taxonomy":"category","embeddable":true,"href":"https:\/\/redaccionproducciones.org\/index.php?rest_route=%2Fwp%2Fv2%2Fcategories&post=254"},{"taxonomy":"post_tag","embeddable":true,"href":"https:\/\/redaccionproducciones.org\/index.php?rest_route=%2Fwp%2Fv2%2Ftags&post=254"}],"curies":[{"name":"wp","href":"https:\/\/api.w.org\/{rel}","templated":true}]}}