{"id":233,"date":"2022-08-09T01:03:19","date_gmt":"2022-08-09T01:03:19","guid":{"rendered":"https:\/\/redaccionproducciones.org\/?p=233"},"modified":"2022-08-09T01:03:19","modified_gmt":"2022-08-09T01:03:19","slug":"una-fiesta-en-la-toma-del-poder-por-el-pacto-historico-en-cabeza-del-presidente-gustavo-petro","status":"publish","type":"post","link":"https:\/\/redaccionproducciones.org\/?p=233","title":{"rendered":"Una Fiesta en la toma del poder por el Pacto Hist\u00f3rico en cabeza del Presidente Gustavo Petro."},"content":{"rendered":"\n<figure class=\"wp-block-image size-large\"><img loading=\"lazy\" decoding=\"async\" width=\"1024\" height=\"576\" src=\"https:\/\/redaccionproducciones.org\/wp-content\/uploads\/2022\/08\/Posesion_03-1024x576.jpg\" alt=\"\" class=\"wp-image-234\" srcset=\"https:\/\/redaccionproducciones.org\/wp-content\/uploads\/2022\/08\/Posesion_03-1024x576.jpg 1024w, https:\/\/redaccionproducciones.org\/wp-content\/uploads\/2022\/08\/Posesion_03-300x169.jpg 300w, https:\/\/redaccionproducciones.org\/wp-content\/uploads\/2022\/08\/Posesion_03-768x432.jpg 768w, https:\/\/redaccionproducciones.org\/wp-content\/uploads\/2022\/08\/Posesion_03-1536x864.jpg 1536w, https:\/\/redaccionproducciones.org\/wp-content\/uploads\/2022\/08\/Posesion_03-2048x1152.jpg 2048w\" sizes=\"auto, (max-width: 1024px) 100vw, 1024px\" \/><figcaption>Este 7 de Agosto de 2022 es  un d\u00eda hist\u00f3rico para el pueblo Colombiano. Por primera vez desde hace mas de 200 a\u00f1os, en los que hab\u00eda gobernado las fuerzas de derecha  y ultraderecha, a trav\u00e9s de los partidos  tradicionales: liberales, conservadores, centro democr\u00e1tico y  cambio radical.<br>En esta disputadas elecciones del 2022, una corriente de izquierda democr\u00e1tica asume el poder tanto en el Congreso como en la presidencia de la Rep\u00fablica, a trav\u00e9s de la coalici\u00f3n de fuerzas que confluyeron  en el llamado \u00abPacto Hist\u00f3rico\u00bb, habiendo obtenido 20 curules en el Senado y 27  en la C\u00e1mara de Representantes  y finalmente asumiendo la presidencia con el L\u00edder de la Colombia Humana <strong><em>Gustavo Francisco Petro Urrego.  <\/em><\/strong><\/figcaption><\/figure>\n\n\n\n<p>Las  masas populares se tomaron las calles para celebrar este triunfo, como s\u00edmbolo de esperanza ante una realidad sufrida por toda la poblaci\u00f3n y que espera un cambio en la direcci\u00f3n de  nuestro gran pa\u00eds, rico en recursos naturales y con un gran capital humano.<\/p>\n\n\n\n<p>Redaccion Comunicaciones hicimos presencia en esta gran celebraci\u00f3n.<\/p>\n\n\n\n<figure class=\"wp-block-image size-large\"><img loading=\"lazy\" decoding=\"async\" width=\"1024\" height=\"576\" src=\"https:\/\/redaccionproducciones.org\/wp-content\/uploads\/2022\/08\/Posesion_01-1024x576.jpg\" alt=\"\" class=\"wp-image-235\" srcset=\"https:\/\/redaccionproducciones.org\/wp-content\/uploads\/2022\/08\/Posesion_01-1024x576.jpg 1024w, https:\/\/redaccionproducciones.org\/wp-content\/uploads\/2022\/08\/Posesion_01-300x169.jpg 300w, https:\/\/redaccionproducciones.org\/wp-content\/uploads\/2022\/08\/Posesion_01-768x432.jpg 768w, https:\/\/redaccionproducciones.org\/wp-content\/uploads\/2022\/08\/Posesion_01-1536x864.jpg 1536w, https:\/\/redaccionproducciones.org\/wp-content\/uploads\/2022\/08\/Posesion_01-2048x1152.jpg 2048w\" sizes=\"auto, (max-width: 1024px) 100vw, 1024px\" \/><\/figure>\n\n\n\n<figure class=\"wp-block-image size-large\"><img loading=\"lazy\" decoding=\"async\" width=\"1024\" height=\"576\" src=\"https:\/\/redaccionproducciones.org\/wp-content\/uploads\/2022\/08\/Posesion_04-1024x576.jpg\" alt=\"\" class=\"wp-image-236\" srcset=\"https:\/\/redaccionproducciones.org\/wp-content\/uploads\/2022\/08\/Posesion_04-1024x576.jpg 1024w, https:\/\/redaccionproducciones.org\/wp-content\/uploads\/2022\/08\/Posesion_04-300x169.jpg 300w, https:\/\/redaccionproducciones.org\/wp-content\/uploads\/2022\/08\/Posesion_04-768x432.jpg 768w, https:\/\/redaccionproducciones.org\/wp-content\/uploads\/2022\/08\/Posesion_04-1536x864.jpg 1536w, https:\/\/redaccionproducciones.org\/wp-content\/uploads\/2022\/08\/Posesion_04-2048x1152.jpg 2048w\" sizes=\"auto, (max-width: 1024px) 100vw, 1024px\" \/><\/figure>\n","protected":false},"excerpt":{"rendered":"<p>Las masas populares se tomaron las calles para celebrar este triunfo, como s\u00edmbolo de esperanza ante una realidad sufrida por toda la poblaci\u00f3n y que espera un cambio en la direcci\u00f3n de nuestro gran pa\u00eds, rico en recursos naturales y con un gran capital humano. Redaccion Comunicaciones hicimos presencia en esta gran celebraci\u00f3n.<\/p>\n","protected":false},"author":2,"featured_media":234,"comment_status":"open","ping_status":"open","sticky":false,"template":"","format":"standard","meta":{"footnotes":""},"categories":[4,3,1],"tags":[],"class_list":["post-233","post","type-post","status-publish","format-standard","has-post-thumbnail","hentry","category-noticias","category-prensa-digital","category-uncategorized"],"_links":{"self":[{"href":"https:\/\/redaccionproducciones.org\/index.php?rest_route=\/wp\/v2\/posts\/233","targetHints":{"allow":["GET"]}}],"collection":[{"href":"https:\/\/redaccionproducciones.org\/index.php?rest_route=\/wp\/v2\/posts"}],"about":[{"href":"https:\/\/redaccionproducciones.org\/index.php?rest_route=\/wp\/v2\/types\/post"}],"author":[{"embeddable":true,"href":"https:\/\/redaccionproducciones.org\/index.php?rest_route=\/wp\/v2\/users\/2"}],"replies":[{"embeddable":true,"href":"https:\/\/redaccionproducciones.org\/index.php?rest_route=%2Fwp%2Fv2%2Fcomments&post=233"}],"version-history":[{"count":1,"href":"https:\/\/redaccionproducciones.org\/index.php?rest_route=\/wp\/v2\/posts\/233\/revisions"}],"predecessor-version":[{"id":237,"href":"https:\/\/redaccionproducciones.org\/index.php?rest_route=\/wp\/v2\/posts\/233\/revisions\/237"}],"wp:featuredmedia":[{"embeddable":true,"href":"https:\/\/redaccionproducciones.org\/index.php?rest_route=\/wp\/v2\/media\/234"}],"wp:attachment":[{"href":"https:\/\/redaccionproducciones.org\/index.php?rest_route=%2Fwp%2Fv2%2Fmedia&parent=233"}],"wp:term":[{"taxonomy":"category","embeddable":true,"href":"https:\/\/redaccionproducciones.org\/index.php?rest_route=%2Fwp%2Fv2%2Fcategories&post=233"},{"taxonomy":"post_tag","embeddable":true,"href":"https:\/\/redaccionproducciones.org\/index.php?rest_route=%2Fwp%2Fv2%2Ftags&post=233"}],"curies":[{"name":"wp","href":"https:\/\/api.w.org\/{rel}","templated":true}]}}