{"id":229,"date":"2022-06-14T23:29:49","date_gmt":"2022-06-14T23:29:49","guid":{"rendered":"https:\/\/redaccionproducciones.org\/?p=229"},"modified":"2022-06-14T23:29:49","modified_gmt":"2022-06-14T23:29:49","slug":"entrevista-a-gustavo-petro-1999-archivo-historico","status":"publish","type":"post","link":"https:\/\/redaccionproducciones.org\/?p=229","title":{"rendered":"ENTREVISTA A GUSTAVO PETRO 1999. ARCHIVO HISTORICO"},"content":{"rendered":"\n<figure class=\"wp-block-image size-large\"><img loading=\"lazy\" decoding=\"async\" width=\"1024\" height=\"576\" src=\"https:\/\/redaccionproducciones.org\/wp-content\/uploads\/2022\/06\/Imagen-Gustavo-Petro-1024x576.jpg\" alt=\"\" class=\"wp-image-230\" srcset=\"https:\/\/redaccionproducciones.org\/wp-content\/uploads\/2022\/06\/Imagen-Gustavo-Petro-1024x576.jpg 1024w, https:\/\/redaccionproducciones.org\/wp-content\/uploads\/2022\/06\/Imagen-Gustavo-Petro-300x169.jpg 300w, https:\/\/redaccionproducciones.org\/wp-content\/uploads\/2022\/06\/Imagen-Gustavo-Petro-768x432.jpg 768w, https:\/\/redaccionproducciones.org\/wp-content\/uploads\/2022\/06\/Imagen-Gustavo-Petro.jpg 1280w\" sizes=\"auto, (max-width: 1024px) 100vw, 1024px\" \/><\/figure>\n\n\n\n<p>COMPARTIMOS Archivo hist\u00f3rico de Entrevista realizada por Redacci\u00f3n Comunicaciones y Tele Bacat\u00e1 en 1999, al hoy candidato a la Presidencia Gustavo Petro cuando se desempe\u00f1aba como Representante a la C\u00e1mara y le planteamos preguntas sobre el Plan Nacional de Desarrollo del gobierno Pastrana en ese momento.<br>Esperamos la observen para ver la coherencia que aun hoy mantiene en sus planteamientos sociales y pol\u00edticos.<\/p>\n\n\n\n<p><a href=\"https:\/\/drive.google.com\/file\/d\/1t1vyBv1H74PB9QdXWwIywM3Ykwyni8NQ\/view?usp=sharing\">https:\/\/drive.google.com\/file\/d\/1t1vyBv1H74PB9QdXWwIywM3Ykwyni8NQ\/view?usp=sharing<\/a><\/p>\n\n\n\n<p><\/p>\n","protected":false},"excerpt":{"rendered":"<p>COMPARTIMOS Archivo hist\u00f3rico de Entrevista realizada por Redacci\u00f3n Comunicaciones y Tele Bacat\u00e1 en 1999, al hoy candidato a la Presidencia Gustavo Petro cuando se desempe\u00f1aba como Representante a la C\u00e1mara y le planteamos preguntas sobre el Plan Nacional de Desarrollo del gobierno Pastrana en ese momento.Esperamos la observen para ver la coherencia que aun hoy [&hellip;]<\/p>\n","protected":false},"author":2,"featured_media":230,"comment_status":"open","ping_status":"open","sticky":false,"template":"","format":"standard","meta":{"footnotes":""},"categories":[4,1],"tags":[],"class_list":["post-229","post","type-post","status-publish","format-standard","has-post-thumbnail","hentry","category-noticias","category-uncategorized"],"_links":{"self":[{"href":"https:\/\/redaccionproducciones.org\/index.php?rest_route=\/wp\/v2\/posts\/229","targetHints":{"allow":["GET"]}}],"collection":[{"href":"https:\/\/redaccionproducciones.org\/index.php?rest_route=\/wp\/v2\/posts"}],"about":[{"href":"https:\/\/redaccionproducciones.org\/index.php?rest_route=\/wp\/v2\/types\/post"}],"author":[{"embeddable":true,"href":"https:\/\/redaccionproducciones.org\/index.php?rest_route=\/wp\/v2\/users\/2"}],"replies":[{"embeddable":true,"href":"https:\/\/redaccionproducciones.org\/index.php?rest_route=%2Fwp%2Fv2%2Fcomments&post=229"}],"version-history":[{"count":1,"href":"https:\/\/redaccionproducciones.org\/index.php?rest_route=\/wp\/v2\/posts\/229\/revisions"}],"predecessor-version":[{"id":231,"href":"https:\/\/redaccionproducciones.org\/index.php?rest_route=\/wp\/v2\/posts\/229\/revisions\/231"}],"wp:featuredmedia":[{"embeddable":true,"href":"https:\/\/redaccionproducciones.org\/index.php?rest_route=\/wp\/v2\/media\/230"}],"wp:attachment":[{"href":"https:\/\/redaccionproducciones.org\/index.php?rest_route=%2Fwp%2Fv2%2Fmedia&parent=229"}],"wp:term":[{"taxonomy":"category","embeddable":true,"href":"https:\/\/redaccionproducciones.org\/index.php?rest_route=%2Fwp%2Fv2%2Fcategories&post=229"},{"taxonomy":"post_tag","embeddable":true,"href":"https:\/\/redaccionproducciones.org\/index.php?rest_route=%2Fwp%2Fv2%2Ftags&post=229"}],"curies":[{"name":"wp","href":"https:\/\/api.w.org\/{rel}","templated":true}]}}