{"id":195,"date":"2022-02-16T21:12:43","date_gmt":"2022-02-16T21:12:43","guid":{"rendered":"https:\/\/redaccionproducciones.org\/?p=195"},"modified":"2022-02-16T21:12:43","modified_gmt":"2022-02-16T21:12:43","slug":"los-jovenes-de-suroriente-creando-espacios-de-participacion-politica-y-artistica-en-el-territorio-sur-oriente-de-bogota","status":"publish","type":"post","link":"https:\/\/redaccionproducciones.org\/?p=195","title":{"rendered":"Los j\u00f3venes de suroriente creando espacios de participaci\u00f3n pol\u00edtica y art\u00edstica en el territorio Sur Oriente de Bogot\u00e1"},"content":{"rendered":"\n<p>Nosotros como reporteros de redacci\u00f3n recogemos en estas im\u00e1genes ese sudor esa lucha y ese trabajo aqu\u00ed en la ciudad de Bogot\u00e1 en la carrera d\u00e9cima con calle 27 Sur territorio Sur Oriente de Bogot\u00e1.<\/p>\n\n\n\n<p>Los j\u00f3venes de suroriente creando espacios de participaci\u00f3n pol\u00edtica y art\u00edstica en el territorio Sur Oriente de Bogot\u00e1 as\u00ed detectamos ayer a grandes l\u00edderes que con pinceles pintura y al calor de un gran sancocho colectivo se reunieron para conformar una gran movilizaci\u00f3n art\u00edstica donde plasman en las paredes de nuestro andar sus palabras hechas arte para toda la poblaci\u00f3n de Bogot\u00e1.<\/p>\n\n\n\n<figure class=\"wp-block-image size-full\"><img loading=\"lazy\" decoding=\"async\" width=\"960\" height=\"720\" src=\"https:\/\/redaccionproducciones.org\/wp-content\/uploads\/2022\/02\/noticia-jovenes-del-suroriente-3.jpeg\" alt=\"\" class=\"wp-image-197\" srcset=\"https:\/\/redaccionproducciones.org\/wp-content\/uploads\/2022\/02\/noticia-jovenes-del-suroriente-3.jpeg 960w, https:\/\/redaccionproducciones.org\/wp-content\/uploads\/2022\/02\/noticia-jovenes-del-suroriente-3-300x225.jpeg 300w, https:\/\/redaccionproducciones.org\/wp-content\/uploads\/2022\/02\/noticia-jovenes-del-suroriente-3-768x576.jpeg 768w\" sizes=\"auto, (max-width: 960px) 100vw, 960px\" \/><\/figure>\n\n\n\n<p><br>Est\u00e1 participaci\u00f3n y protagonismo en la v\u00eda p\u00fablica es el reflejo de las ansias de transformaci\u00f3n y lucha por una nueva sociedad que quiere el cambio donde haya mejores oportunidades para los j\u00f3venes y para toda la poblaci\u00f3n colombiana.<\/p>\n\n\n\n<p>Te invitamos a que desde cada uno de sus territorios localidades barrios parques nos inviten a registrar sustancias de lucha y de trabajo por la comunidad.<\/p>\n\n\n\n<p>Atentamente redacci\u00f3n comunicaciones voz e imagen para una nueva sociedad justa e igualitaria.<br><\/p>\n\n\n\n<figure class=\"wp-block-image size-full\"><img loading=\"lazy\" decoding=\"async\" width=\"960\" height=\"720\" src=\"https:\/\/redaccionproducciones.org\/wp-content\/uploads\/2022\/02\/noticia-jovenes-del-suroriente-1.jpeg\" alt=\"\" class=\"wp-image-196\" srcset=\"https:\/\/redaccionproducciones.org\/wp-content\/uploads\/2022\/02\/noticia-jovenes-del-suroriente-1.jpeg 960w, https:\/\/redaccionproducciones.org\/wp-content\/uploads\/2022\/02\/noticia-jovenes-del-suroriente-1-300x225.jpeg 300w, https:\/\/redaccionproducciones.org\/wp-content\/uploads\/2022\/02\/noticia-jovenes-del-suroriente-1-768x576.jpeg 768w\" sizes=\"auto, (max-width: 960px) 100vw, 960px\" \/><\/figure>\n\n\n\n<figure class=\"wp-block-image size-full\"><img loading=\"lazy\" decoding=\"async\" width=\"960\" height=\"720\" src=\"https:\/\/redaccionproducciones.org\/wp-content\/uploads\/2022\/02\/noticia-jovenes-del-suroriente-2.jpeg\" alt=\"\" class=\"wp-image-198\" srcset=\"https:\/\/redaccionproducciones.org\/wp-content\/uploads\/2022\/02\/noticia-jovenes-del-suroriente-2.jpeg 960w, https:\/\/redaccionproducciones.org\/wp-content\/uploads\/2022\/02\/noticia-jovenes-del-suroriente-2-300x225.jpeg 300w, https:\/\/redaccionproducciones.org\/wp-content\/uploads\/2022\/02\/noticia-jovenes-del-suroriente-2-768x576.jpeg 768w\" sizes=\"auto, (max-width: 960px) 100vw, 960px\" \/><\/figure>\n\n\n\n<figure class=\"wp-block-image size-full\"><img loading=\"lazy\" decoding=\"async\" width=\"960\" height=\"720\" src=\"https:\/\/redaccionproducciones.org\/wp-content\/uploads\/2022\/02\/noticia-jovenes-del-suroriente-4.jpeg\" alt=\"\" class=\"wp-image-199\" srcset=\"https:\/\/redaccionproducciones.org\/wp-content\/uploads\/2022\/02\/noticia-jovenes-del-suroriente-4.jpeg 960w, https:\/\/redaccionproducciones.org\/wp-content\/uploads\/2022\/02\/noticia-jovenes-del-suroriente-4-300x225.jpeg 300w, https:\/\/redaccionproducciones.org\/wp-content\/uploads\/2022\/02\/noticia-jovenes-del-suroriente-4-768x576.jpeg 768w\" sizes=\"auto, (max-width: 960px) 100vw, 960px\" \/><\/figure>\n\n\n\n<p><\/p>\n\n\n\n<figure class=\"wp-block-image size-full\"><img loading=\"lazy\" decoding=\"async\" width=\"960\" height=\"720\" src=\"https:\/\/redaccionproducciones.org\/wp-content\/uploads\/2022\/02\/noticia-jovenes-del-suroriente-5.jpeg\" alt=\"\" class=\"wp-image-200\" srcset=\"https:\/\/redaccionproducciones.org\/wp-content\/uploads\/2022\/02\/noticia-jovenes-del-suroriente-5.jpeg 960w, https:\/\/redaccionproducciones.org\/wp-content\/uploads\/2022\/02\/noticia-jovenes-del-suroriente-5-300x225.jpeg 300w, https:\/\/redaccionproducciones.org\/wp-content\/uploads\/2022\/02\/noticia-jovenes-del-suroriente-5-768x576.jpeg 768w\" sizes=\"auto, (max-width: 960px) 100vw, 960px\" \/><\/figure>\n\n\n\n<figure class=\"wp-block-image size-full\"><img loading=\"lazy\" decoding=\"async\" width=\"960\" height=\"720\" src=\"https:\/\/redaccionproducciones.org\/wp-content\/uploads\/2022\/02\/noticia-jovenes-del-suroriente-6.jpeg\" alt=\"\" class=\"wp-image-201\" srcset=\"https:\/\/redaccionproducciones.org\/wp-content\/uploads\/2022\/02\/noticia-jovenes-del-suroriente-6.jpeg 960w, https:\/\/redaccionproducciones.org\/wp-content\/uploads\/2022\/02\/noticia-jovenes-del-suroriente-6-300x225.jpeg 300w, https:\/\/redaccionproducciones.org\/wp-content\/uploads\/2022\/02\/noticia-jovenes-del-suroriente-6-768x576.jpeg 768w\" sizes=\"auto, (max-width: 960px) 100vw, 960px\" \/><\/figure>\n","protected":false},"excerpt":{"rendered":"<p>Nosotros como reporteros de redacci\u00f3n recogemos en estas im\u00e1genes ese sudor esa lucha y ese trabajo aqu\u00ed en la ciudad de Bogot\u00e1 en la carrera d\u00e9cima con calle 27 Sur territorio Sur Oriente de Bogot\u00e1. Los j\u00f3venes de suroriente creando espacios de participaci\u00f3n pol\u00edtica y art\u00edstica en el territorio Sur Oriente de Bogot\u00e1 as\u00ed detectamos [&hellip;]<\/p>\n","protected":false},"author":2,"featured_media":197,"comment_status":"open","ping_status":"open","sticky":false,"template":"","format":"standard","meta":{"footnotes":""},"categories":[4,1],"tags":[],"class_list":["post-195","post","type-post","status-publish","format-standard","has-post-thumbnail","hentry","category-noticias","category-uncategorized"],"_links":{"self":[{"href":"https:\/\/redaccionproducciones.org\/index.php?rest_route=\/wp\/v2\/posts\/195","targetHints":{"allow":["GET"]}}],"collection":[{"href":"https:\/\/redaccionproducciones.org\/index.php?rest_route=\/wp\/v2\/posts"}],"about":[{"href":"https:\/\/redaccionproducciones.org\/index.php?rest_route=\/wp\/v2\/types\/post"}],"author":[{"embeddable":true,"href":"https:\/\/redaccionproducciones.org\/index.php?rest_route=\/wp\/v2\/users\/2"}],"replies":[{"embeddable":true,"href":"https:\/\/redaccionproducciones.org\/index.php?rest_route=%2Fwp%2Fv2%2Fcomments&post=195"}],"version-history":[{"count":1,"href":"https:\/\/redaccionproducciones.org\/index.php?rest_route=\/wp\/v2\/posts\/195\/revisions"}],"predecessor-version":[{"id":202,"href":"https:\/\/redaccionproducciones.org\/index.php?rest_route=\/wp\/v2\/posts\/195\/revisions\/202"}],"wp:featuredmedia":[{"embeddable":true,"href":"https:\/\/redaccionproducciones.org\/index.php?rest_route=\/wp\/v2\/media\/197"}],"wp:attachment":[{"href":"https:\/\/redaccionproducciones.org\/index.php?rest_route=%2Fwp%2Fv2%2Fmedia&parent=195"}],"wp:term":[{"taxonomy":"category","embeddable":true,"href":"https:\/\/redaccionproducciones.org\/index.php?rest_route=%2Fwp%2Fv2%2Fcategories&post=195"},{"taxonomy":"post_tag","embeddable":true,"href":"https:\/\/redaccionproducciones.org\/index.php?rest_route=%2Fwp%2Fv2%2Ftags&post=195"}],"curies":[{"name":"wp","href":"https:\/\/api.w.org\/{rel}","templated":true}]}}