{"id":181,"date":"2022-02-06T22:07:12","date_gmt":"2022-02-06T22:07:12","guid":{"rendered":"https:\/\/redaccionproducciones.org\/?p=181"},"modified":"2022-02-15T22:50:27","modified_gmt":"2022-02-15T22:50:27","slug":"181","status":"publish","type":"post","link":"https:\/\/redaccionproducciones.org\/?p=181","title":{"rendered":"VUELTA A LA PRESENCIALIDAD DE ESTUDIANTES."},"content":{"rendered":"\n<p>Este pasado 24 de enero m\u00e1s de 700,000 estudiantes en la ciudad de Bogot\u00e1 se reincorporaron al proceso educativo presencial despu\u00e9s de casi dos a\u00f1os de ausencia en las aulas y haber estado educ\u00e1ndose a trav\u00e9s de la virtualidad. En Colombia m\u00e1s de 7\u00b4000.000 de estudiantes regresan a sus aulas este 31 de enero en todas las ciudades capitales municipios y escuelas rurales en todo el territorio. Estoy ready de una directiva del ministerio de educaci\u00f3n nacional d\u00f3nde en compa\u00f1\u00eda del ministerio de salud suspendieron cualquier aforo que restring\u00eda la asistencia de los estudiantes a las aulas. Para muchas de las familias en nuestro pa\u00eds es un alivio que sus hijos puedan asistir nuevamente a las escuelas, puesto que en la actualidad muchos carecieron de conectividad o de equipos tecnol\u00f3gicos que los pudieran contactar con sus maestros y obviamente el desarrollo no fue el m\u00e1s adecuado. Algunos expertos dicen que el retraso de los estudiantes en su proceso de conocimiento se acerca a disminuir un grado en la educaci\u00f3n primaria y secundaria.<br>de igual forma la directiva ordena a las universidades y centros de educaci\u00f3n para el trabajo a volver a la presencialidad en un 100%.<br>Esperamos que todas las instituciones asuman est\u00e1 directiva como un compromiso del trabajo educativo que deben tener con los ciudadanos colombianos en especial con los j\u00f3venes y los ni\u00f1os que han sido rezagados en su proceso de aprendizaje.<\/p>\n","protected":false},"excerpt":{"rendered":"<p>Este pasado 24 de enero m\u00e1s de 700,000 estudiantes en la ciudad de Bogot\u00e1 se reincorporaron al proceso educativo presencial despu\u00e9s de casi dos a\u00f1os de ausencia en las aulas y haber estado educ\u00e1ndose a trav\u00e9s de la virtualidad. En Colombia m\u00e1s de 7\u00b4000.000 de estudiantes regresan a sus aulas este 31 de enero en [&hellip;]<\/p>\n","protected":false},"author":2,"featured_media":183,"comment_status":"open","ping_status":"open","sticky":false,"template":"","format":"standard","meta":{"footnotes":""},"categories":[4,1],"tags":[],"class_list":["post-181","post","type-post","status-publish","format-standard","has-post-thumbnail","hentry","category-noticias","category-uncategorized"],"_links":{"self":[{"href":"https:\/\/redaccionproducciones.org\/index.php?rest_route=\/wp\/v2\/posts\/181","targetHints":{"allow":["GET"]}}],"collection":[{"href":"https:\/\/redaccionproducciones.org\/index.php?rest_route=\/wp\/v2\/posts"}],"about":[{"href":"https:\/\/redaccionproducciones.org\/index.php?rest_route=\/wp\/v2\/types\/post"}],"author":[{"embeddable":true,"href":"https:\/\/redaccionproducciones.org\/index.php?rest_route=\/wp\/v2\/users\/2"}],"replies":[{"embeddable":true,"href":"https:\/\/redaccionproducciones.org\/index.php?rest_route=%2Fwp%2Fv2%2Fcomments&post=181"}],"version-history":[{"count":7,"href":"https:\/\/redaccionproducciones.org\/index.php?rest_route=\/wp\/v2\/posts\/181\/revisions"}],"predecessor-version":[{"id":194,"href":"https:\/\/redaccionproducciones.org\/index.php?rest_route=\/wp\/v2\/posts\/181\/revisions\/194"}],"wp:featuredmedia":[{"embeddable":true,"href":"https:\/\/redaccionproducciones.org\/index.php?rest_route=\/wp\/v2\/media\/183"}],"wp:attachment":[{"href":"https:\/\/redaccionproducciones.org\/index.php?rest_route=%2Fwp%2Fv2%2Fmedia&parent=181"}],"wp:term":[{"taxonomy":"category","embeddable":true,"href":"https:\/\/redaccionproducciones.org\/index.php?rest_route=%2Fwp%2Fv2%2Fcategories&post=181"},{"taxonomy":"post_tag","embeddable":true,"href":"https:\/\/redaccionproducciones.org\/index.php?rest_route=%2Fwp%2Fv2%2Ftags&post=181"}],"curies":[{"name":"wp","href":"https:\/\/api.w.org\/{rel}","templated":true}]}}