{"id":149,"date":"2021-10-01T23:49:20","date_gmt":"2021-10-01T23:49:20","guid":{"rendered":"https:\/\/redaccionproducciones.org\/?p=149"},"modified":"2021-10-01T23:49:20","modified_gmt":"2021-10-01T23:49:20","slug":"celebracion-90-anos-colegio-heladia-mejia","status":"publish","type":"post","link":"https:\/\/redaccionproducciones.org\/?p=149","title":{"rendered":"Celebraci\u00f3n 90 a\u00f1os, colegio Heladia Mej\u00eda"},"content":{"rendered":"\n<p>El d\u00eda 29 de Septiembre se celebraron en el colegio Heladia mej\u00eda 90 a\u00f1os de vida educativa, organismo que en su inicio se llamaba escuela Jos\u00e9 Mar\u00eda Vergara y Vergara, que desde el a\u00f1o 2002 esta unificada como instituci\u00f3n educativa Heladia Mej\u00eda, tiene dos sedes ubicadas en el sector de la localidad de Barrios Unidos, sede A barrio La Esperanza y sede B barrio Muequet\u00e1; A lo largo de estos a\u00f1os se han graduado 60 generaciones de j\u00f3venes que han ido a mejorar la sociedad colombiana con los valores de la comunidad Heladista que se inculcaron en su proceso de formaci\u00f3n, autonom\u00eda, responsabilidad, respeto a s\u00ed mismo y respeto al medio ambiente. Felicitaciones en sus 90 a\u00f1os a la instituci\u00f3n educativa Heladia Mej\u00eda.<\/p>\n\n\n\n<figure class=\"wp-block-embed is-type-video is-provider-youtube wp-block-embed-youtube wp-embed-aspect-16-9 wp-has-aspect-ratio\"><div class=\"wp-block-embed__wrapper\">\nhttps:\/\/www.youtube.com\/watch?v=-rUx01c3fbc\n<\/div><\/figure>\n","protected":false},"excerpt":{"rendered":"<p>El d\u00eda 29 de Septiembre se celebraron en el colegio Heladia mej\u00eda 90 a\u00f1os de vida educativa, organismo que en su inicio se llamaba escuela Jos\u00e9 Mar\u00eda Vergara y Vergara, que desde el a\u00f1o 2002 esta unificada como instituci\u00f3n educativa Heladia Mej\u00eda, tiene dos sedes ubicadas en el sector de la localidad de Barrios Unidos, [&hellip;]<\/p>\n","protected":false},"author":2,"featured_media":151,"comment_status":"open","ping_status":"open","sticky":false,"template":"","format":"standard","meta":{"footnotes":""},"categories":[4,1],"tags":[],"class_list":["post-149","post","type-post","status-publish","format-standard","has-post-thumbnail","hentry","category-noticias","category-uncategorized"],"_links":{"self":[{"href":"https:\/\/redaccionproducciones.org\/index.php?rest_route=\/wp\/v2\/posts\/149","targetHints":{"allow":["GET"]}}],"collection":[{"href":"https:\/\/redaccionproducciones.org\/index.php?rest_route=\/wp\/v2\/posts"}],"about":[{"href":"https:\/\/redaccionproducciones.org\/index.php?rest_route=\/wp\/v2\/types\/post"}],"author":[{"embeddable":true,"href":"https:\/\/redaccionproducciones.org\/index.php?rest_route=\/wp\/v2\/users\/2"}],"replies":[{"embeddable":true,"href":"https:\/\/redaccionproducciones.org\/index.php?rest_route=%2Fwp%2Fv2%2Fcomments&post=149"}],"version-history":[{"count":3,"href":"https:\/\/redaccionproducciones.org\/index.php?rest_route=\/wp\/v2\/posts\/149\/revisions"}],"predecessor-version":[{"id":154,"href":"https:\/\/redaccionproducciones.org\/index.php?rest_route=\/wp\/v2\/posts\/149\/revisions\/154"}],"wp:featuredmedia":[{"embeddable":true,"href":"https:\/\/redaccionproducciones.org\/index.php?rest_route=\/wp\/v2\/media\/151"}],"wp:attachment":[{"href":"https:\/\/redaccionproducciones.org\/index.php?rest_route=%2Fwp%2Fv2%2Fmedia&parent=149"}],"wp:term":[{"taxonomy":"category","embeddable":true,"href":"https:\/\/redaccionproducciones.org\/index.php?rest_route=%2Fwp%2Fv2%2Fcategories&post=149"},{"taxonomy":"post_tag","embeddable":true,"href":"https:\/\/redaccionproducciones.org\/index.php?rest_route=%2Fwp%2Fv2%2Ftags&post=149"}],"curies":[{"name":"wp","href":"https:\/\/api.w.org\/{rel}","templated":true}]}}